{"id":14901,"date":"2016-05-19T15:49:38","date_gmt":"2016-05-19T14:49:38","guid":{"rendered":"http:\/\/olcabcnserveis.com\/sabias-que-el-descubrimiento-del-cafe\/"},"modified":"2020-05-15T09:55:43","modified_gmt":"2020-05-15T09:55:43","slug":"sabies-que-el-descobriment-de-el-cafe","status":"publish","type":"post","link":"https:\/\/olcabcnserveis.com\/ca\/sabies-que-el-descobriment-de-el-cafe\/","title":{"rendered":"Sabies qu\u00e8? El descobriment de el caf\u00e8&#8230;"},"content":{"rendered":"<p>[vc_row type=&#8221;vc_default&#8221;][vc_column][vc_column_text]<strong>El descobriment de el caf\u00e8&#8230; <\/strong><\/p>\n<p>S&#8217;atribueix a pastor et\u00edop Khaldi Sheperd. El qual va observar un comportament estrany en el seu ramat a l&#8217;rosegar una mena de baies mentre pasturaven, aquestes botaven alegrement. Se li va acudir fer una infusi\u00f3 amb aquests fruits per sentir tamb\u00e9 ell aquest efecte estimulant. Quan ho va provar, davant la seva horrible gust, va tirar les baies a el foc. Aix\u00ed, a poc a poc, van comen\u00e7ar a torrar les llavors del seu interior, d&#8217;aquesta manera va descobrir el meravell\u00f3s aroma de l&#8217;AFE tosado<\/p>\n<p><strong>El primer bar de caf\u00e8\u2026<\/strong><\/p>\n<p>Va apar\u00e8ixer a Constantinoble en 1554.<\/p>\n<p><strong>El caf\u00e8 va arribar a Europa\u2026<\/strong><\/p>\n<p>Mitjan\u00e7ant mercaders venecians que el van definir com un &#8220;vi \u00e0rab&#8221;.<\/p>\n<p><strong>Hi ha dues varietats\u2026<\/strong><\/p>\n<p>Bot\u00e0niques predominants: Ar\u00e0biga (69% de la producci\u00f3 mundial) i Robusta (el 31% restant).<br \/>\nQuan es barregen diferents varietats, i fins i tot diferents torrats, parlem d&#8217;un blends de caf\u00e8s, com el caf\u00e8 \u00e9s un producte que prov\u00e9 d &#8216; &#8220;una fruita de temporada&#8221;, en cada collita varien els gustos, per evitar aquests canvis en el producte final, es barregen caf\u00e8s amb diferents perfils sensorials. Si cal un caf\u00e8 determinat en cert per\u00edode d&#8217;any, se li reempla\u00e7a amb un altre caf\u00e8 que tingui un sabor semblant, i aix\u00ed mantenim el mateix perfil<br \/>\nA Sud-am\u00e8rica es produeix la major part de el caf\u00e8 que es consumeix al m\u00f3n.<br \/>\nEspanya i Fran\u00e7a s\u00f3n els \u00fanics pa\u00efsos europeus on es conrea caf\u00e8. Aquests pa\u00efsos no tenen en el seu interior un clima propici per al cultiu de caf\u00e8, per\u00f2 a les Illes Can\u00e0ries i l&#8217;Illa Reuni\u00f3, si.<\/p>\n<p><strong>Els sabors amargs\u2026<\/strong><\/p>\n<p>\u00c0cids i dol\u00e7os es perceben en llocs diferents de la llengua.[\/vc_column_text][\/vc_column][\/vc_row]<\/p>\n","protected":false},"excerpt":{"rendered":"<p>[vc_row type=&#8221;vc_default&#8221;][vc_column][vc_column_text]El descobriment de el caf\u00e8&#8230; S&#8217;atribueix a pastor et\u00edop Khaldi Sheperd. El qual va observar un comportament estrany en el seu ramat a l&#8217;rosegar una mena de baies mentre pasturaven, aquestes botaven alegrement. Se li va acudir fer una infusi\u00f3 amb aquests fruits per sentir tamb\u00e9 ell aquest efecte estimulant. Quan ho va provar,&hellip;<\/p>\n","protected":false},"author":1,"featured_media":14902,"comment_status":"closed","ping_status":"closed","sticky":false,"template":"","format":"standard","meta":{"give_campaign_id":0,"footnotes":""},"categories":[32],"tags":[39],"class_list":["post-14901","post","type-post","status-publish","format-standard","has-post-thumbnail","hentry","category-sense-categoria","tag-cafe-ca","category-32","description-off"],"_links":{"self":[{"href":"https:\/\/olcabcnserveis.com\/ca\/wp-json\/wp\/v2\/posts\/14901","targetHints":{"allow":["GET"]}}],"collection":[{"href":"https:\/\/olcabcnserveis.com\/ca\/wp-json\/wp\/v2\/posts"}],"about":[{"href":"https:\/\/olcabcnserveis.com\/ca\/wp-json\/wp\/v2\/types\/post"}],"author":[{"embeddable":true,"href":"https:\/\/olcabcnserveis.com\/ca\/wp-json\/wp\/v2\/users\/1"}],"replies":[{"embeddable":true,"href":"https:\/\/olcabcnserveis.com\/ca\/wp-json\/wp\/v2\/comments?post=14901"}],"version-history":[{"count":1,"href":"https:\/\/olcabcnserveis.com\/ca\/wp-json\/wp\/v2\/posts\/14901\/revisions"}],"predecessor-version":[{"id":14903,"href":"https:\/\/olcabcnserveis.com\/ca\/wp-json\/wp\/v2\/posts\/14901\/revisions\/14903"}],"wp:featuredmedia":[{"embeddable":true,"href":"https:\/\/olcabcnserveis.com\/ca\/wp-json\/wp\/v2\/media\/14902"}],"wp:attachment":[{"href":"https:\/\/olcabcnserveis.com\/ca\/wp-json\/wp\/v2\/media?parent=14901"}],"wp:term":[{"taxonomy":"category","embeddable":true,"href":"https:\/\/olcabcnserveis.com\/ca\/wp-json\/wp\/v2\/categories?post=14901"},{"taxonomy":"post_tag","embeddable":true,"href":"https:\/\/olcabcnserveis.com\/ca\/wp-json\/wp\/v2\/tags?post=14901"}],"curies":[{"name":"wp","href":"https:\/\/api.w.org\/{rel}","templated":true}]}}